{"id":2845,"date":"2021-04-16T10:43:12","date_gmt":"2021-04-16T13:43:12","guid":{"rendered":"https:\/\/ccpe.org.ar\/web\/?p=2845"},"modified":"2021-04-16T10:44:06","modified_gmt":"2021-04-16T13:44:06","slug":"colaboratoristas","status":"publish","type":"post","link":"https:\/\/ccpe.org.ar\/web\/colaboratoristas\/","title":{"rendered":"CoLaboratoristas"},"content":{"rendered":"<p>CoLaboratoristas es un lugar para reflexionar en torno a las transformaciones impuestas por la pandemia a las dimensiones del cuerpo, el espacio, el juego y el movimiento en el entorno urbano y los espacios comunes.a serie de conversatorios entre personas ligadas a diversos lenguajes: pedag\u00f3gicos, art\u00edsticos y urbanos para pensar, debatir e intercambiar miradas y propuestas sobre el lugar del cuerpo, el espacio p\u00fablico y la cultura, abordando el impacto del Covid-19 y la construcci\u00f3n de una nueva cotidianidad y convivencia, con foco en las infancias y juventudes.<\/p>\n<p>A trav\u00e9s de herramientas de investigaci\u00f3n y an\u00e1lisis tomadas del arte y la participaci\u00f3n horizontal, el di\u00e1logo se orient\u00f3 hacia construcciones de sentido, interrogantes y creaciones capaces de convocar a la acci\u00f3n colectiva.<\/p>\n<hr \/>\n<ul>\n<li>Descargar aqu\u00ed\u00a0<a href=\"http:\/\/estudiovalija.com.ar\/new\/wp-content\/uploads\/2020\/12\/colaboratoristas.pdf\" target=\"_blank\" rel=\"noreferrer noopener\">la bit\u00e1cora visual de los conversatorios<\/a>\u00a0(PDF)<\/li>\n<li>Descargar aqu\u00ed\u00a0<a href=\"http:\/\/estudiovalija.com.ar\/new\/wp-content\/uploads\/2020\/12\/Relatoria-CoLaboratoristas.pdf\" target=\"_blank\" rel=\"noreferrer noopener\">la relator\u00eda de los conversatorios<\/a><\/li>\n<\/ul>\n<hr \/>\n<p><strong>Referentes invitadxs<\/strong><\/p>\n<p><strong>Cuerpo y Movimiento<\/strong>:\u00a0<a href=\"http:\/\/www.ceciliacolacrai.com\/\" target=\"_blank\" rel=\"noreferrer noopener\">Cecilia Colacrai<\/a>\u00a0\u2013\u00a0<a href=\"http:\/\/www.bigbouncers.info\/\" target=\"_blank\" rel=\"noreferrer noopener\">Big Bouncers<\/a>\u00a0(Barcelona)<br \/>\n<strong>Espacios<\/strong>: Anabel Verona y Carlos Arruti \u2013\u00a0<a href=\"http:\/\/maushaus.info\/\" target=\"_blank\" rel=\"noreferrer noopener\">Maushaus<\/a>\u00a0(Donostia)<br \/>\n<strong>Herramientas desde el arte<\/strong>:\u00a0<a href=\"https:\/\/mariaacaso.es\/\" target=\"_blank\" rel=\"noreferrer noopener\">Maria Acaso<\/a>\u00a0\u2013\u00a0<a href=\"http:\/\/www.pedagogiasinvisibles.es\/\" target=\"_blank\" rel=\"noreferrer noopener\">Pedagogias Invisibles<\/a>\u00a0(Madrid)<\/p>\n<p><strong>CoLaboratoristas<\/strong>\u00a0<strong>de Rosario<\/strong><\/p>\n<p>Francisco Kuba \/ Maria Paz \/ Paula Drenkard \/ Guillermo Mart\u00ednez \/ Carlo Seminara \/ Magal\u00ed Drivet \/ Constanza Torio \/ Victoria Figueroa \/ Sebasti\u00e1n Godoy \/ Luciano Calluso \/ Guillermo Alonso \/ Maximiliano Rossini \/ Constanza Scelfo \/ Maria Bel\u00e9n Campero \/ Hilda Bryndum \/ Buan<\/p>\n<p>&nbsp;<\/p>\n<p>Centro Cultural Parque de Espa\u00f1a y Estudio Valija<br \/>\nRosario \u2013 noviembre &gt; diciembre 2020<\/p>\n","protected":false},"excerpt":{"rendered":"<p>Reflexiones en torno a las transformaciones impuestas por la pandemia a las dimensiones del cuerpo, el espacio, el juego y el movimiento en el entorno urbano y los espacios comunes.<\/p>\n","protected":false},"author":2,"featured_media":2846,"comment_status":"closed","ping_status":"open","sticky":false,"template":"","format":"standard","meta":{"_et_pb_use_builder":"","_et_pb_old_content":"","_et_gb_content_width":"","_exactmetrics_skip_tracking":false,"_exactmetrics_sitenote_active":false,"_exactmetrics_sitenote_note":"","_exactmetrics_sitenote_category":0,"footnotes":""},"categories":[4],"tags":[],"yoast_head":"<!-- This site is optimized with the Yoast SEO plugin v23.5 - https:\/\/yoast.com\/wordpress\/plugins\/seo\/ -->\n<title>CoLaboratoristas - Centro Cultural Parque de Espa\u00f1a\/AECID<\/title>\n<meta name=\"description\" content=\"Ubicado en la franja de mayor movimiento cultural de la ciudad, en un entorno privilegiado, junto al r\u00edo pero a metros del casco hist\u00f3rico de Rosario, el Centro Cultural Parque de Espa\u00f1a es un referente de la cultura contempor\u00e1nea y un espacio abierto al di\u00e1logo con las nuevas expresiones art\u00edsticas y sus p\u00fablicos\" \/>\n<meta name=\"robots\" content=\"index, follow, max-snippet:-1, max-image-preview:large, max-video-preview:-1\" \/>\n<link rel=\"canonical\" href=\"https:\/\/ccpe.org.ar\/web\/colaboratoristas\/\" \/>\n<meta property=\"og:locale\" content=\"es_ES\" \/>\n<meta property=\"og:type\" content=\"article\" \/>\n<meta property=\"og:title\" content=\"CoLaboratoristas - Centro Cultural Parque de Espa\u00f1a\/AECID\" \/>\n<meta property=\"og:description\" content=\"Ubicado en la franja de mayor movimiento cultural de la ciudad, en un entorno privilegiado, junto al r\u00edo pero a metros del casco hist\u00f3rico de Rosario, el Centro Cultural Parque de Espa\u00f1a es un referente de la cultura contempor\u00e1nea y un espacio abierto al di\u00e1logo con las nuevas expresiones art\u00edsticas y sus p\u00fablicos\" \/>\n<meta property=\"og:url\" content=\"https:\/\/ccpe.org.ar\/web\/colaboratoristas\/\" \/>\n<meta property=\"og:site_name\" content=\"Centro Cultural Parque de Espa\u00f1a\/AECID\" \/>\n<meta property=\"article:publisher\" content=\"https:\/\/www.facebook.com\/CCPErosario\/\" \/>\n<meta property=\"article:published_time\" content=\"2021-04-16T13:43:12+00:00\" \/>\n<meta property=\"article:modified_time\" content=\"2021-04-16T13:44:06+00:00\" \/>\n<meta property=\"og:image\" content=\"https:\/\/ccpe.org.ar\/web\/wp-content\/uploads\/2021\/04\/b_colaboratoristas.jpg\" \/>\n\t<meta property=\"og:image:width\" content=\"1478\" \/>\n\t<meta property=\"og:image:height\" content=\"824\" \/>\n\t<meta property=\"og:image:type\" content=\"image\/jpeg\" \/>\n<meta name=\"author\" content=\"Sof\u00eda Sarbach\" \/>\n<meta name=\"twitter:card\" content=\"summary_large_image\" \/>\n<meta name=\"twitter:creator\" content=\"@ccpe\" \/>\n<meta name=\"twitter:site\" content=\"@ccpe\" \/>\n<meta name=\"twitter:label1\" content=\"Escrito por\" \/>\n\t<meta name=\"twitter:data1\" content=\"Sof\u00eda Sarbach\" \/>\n\t<meta name=\"twitter:label2\" content=\"Tiempo de lectura\" \/>\n\t<meta name=\"twitter:data2\" content=\"1 minuto\" \/>\n<script type=\"application\/ld+json\" class=\"yoast-schema-graph\">{\"@context\":\"https:\/\/schema.org\",\"@graph\":[{\"@type\":\"WebPage\",\"@id\":\"https:\/\/ccpe.org.ar\/web\/colaboratoristas\/\",\"url\":\"https:\/\/ccpe.org.ar\/web\/colaboratoristas\/\",\"name\":\"CoLaboratoristas - Centro Cultural Parque de Espa\u00f1a\/AECID\",\"isPartOf\":{\"@id\":\"https:\/\/ccpe.org.ar\/web\/#website\"},\"primaryImageOfPage\":{\"@id\":\"https:\/\/ccpe.org.ar\/web\/colaboratoristas\/#primaryimage\"},\"image\":{\"@id\":\"https:\/\/ccpe.org.ar\/web\/colaboratoristas\/#primaryimage\"},\"thumbnailUrl\":\"https:\/\/ccpe.org.ar\/web\/wp-content\/uploads\/2021\/04\/b_colaboratoristas.jpg\",\"datePublished\":\"2021-04-16T13:43:12+00:00\",\"dateModified\":\"2021-04-16T13:44:06+00:00\",\"author\":{\"@id\":\"https:\/\/ccpe.org.ar\/web\/#\/schema\/person\/7ae7bdca736f48ce0a856cc25a3cf690\"},\"description\":\"Ubicado en la franja de mayor movimiento cultural de la ciudad, en un entorno privilegiado, junto al r\u00edo pero a metros del casco hist\u00f3rico de Rosario, el Centro Cultural Parque de Espa\u00f1a es un referente de la cultura contempor\u00e1nea y un espacio abierto al di\u00e1logo con las nuevas expresiones art\u00edsticas y sus p\u00fablicos\",\"breadcrumb\":{\"@id\":\"https:\/\/ccpe.org.ar\/web\/colaboratoristas\/#breadcrumb\"},\"inLanguage\":\"es\",\"potentialAction\":[{\"@type\":\"ReadAction\",\"target\":[\"https:\/\/ccpe.org.ar\/web\/colaboratoristas\/\"]}]},{\"@type\":\"ImageObject\",\"inLanguage\":\"es\",\"@id\":\"https:\/\/ccpe.org.ar\/web\/colaboratoristas\/#primaryimage\",\"url\":\"https:\/\/ccpe.org.ar\/web\/wp-content\/uploads\/2021\/04\/b_colaboratoristas.jpg\",\"contentUrl\":\"https:\/\/ccpe.org.ar\/web\/wp-content\/uploads\/2021\/04\/b_colaboratoristas.jpg\",\"width\":1478,\"height\":824,\"caption\":\"CoLaboratoristas\"},{\"@type\":\"BreadcrumbList\",\"@id\":\"https:\/\/ccpe.org.ar\/web\/colaboratoristas\/#breadcrumb\",\"itemListElement\":[{\"@type\":\"ListItem\",\"position\":1,\"name\":\"Portada\",\"item\":\"https:\/\/ccpe.org.ar\/web\/\"},{\"@type\":\"ListItem\",\"position\":2,\"name\":\"CoLaboratoristas\"}]},{\"@type\":\"WebSite\",\"@id\":\"https:\/\/ccpe.org.ar\/web\/#website\",\"url\":\"https:\/\/ccpe.org.ar\/web\/\",\"name\":\"Centro Cultural Parque de Espa\u00f1a\/AECID\",\"description\":\"Sitio web del Centro Cultural Parque de Espa\u00f1a\/AECID\",\"potentialAction\":[{\"@type\":\"SearchAction\",\"target\":{\"@type\":\"EntryPoint\",\"urlTemplate\":\"https:\/\/ccpe.org.ar\/web\/?s={search_term_string}\"},\"query-input\":{\"@type\":\"PropertyValueSpecification\",\"valueRequired\":true,\"valueName\":\"search_term_string\"}}],\"inLanguage\":\"es\"},{\"@type\":\"Person\",\"@id\":\"https:\/\/ccpe.org.ar\/web\/#\/schema\/person\/7ae7bdca736f48ce0a856cc25a3cf690\",\"name\":\"Sof\u00eda Sarbach\",\"image\":{\"@type\":\"ImageObject\",\"inLanguage\":\"es\",\"@id\":\"https:\/\/ccpe.org.ar\/web\/#\/schema\/person\/image\/\",\"url\":\"https:\/\/secure.gravatar.com\/avatar\/46a5202fcf6fcee01f8b35320d3e1d80?s=96&d=mm&r=g\",\"contentUrl\":\"https:\/\/secure.gravatar.com\/avatar\/46a5202fcf6fcee01f8b35320d3e1d80?s=96&d=mm&r=g\",\"caption\":\"Sof\u00eda Sarbach\"}}]}<\/script>\n<!-- \/ Yoast SEO plugin. -->","yoast_head_json":{"title":"CoLaboratoristas - Centro Cultural Parque de Espa\u00f1a\/AECID","description":"Ubicado en la franja de mayor movimiento cultural de la ciudad, en un entorno privilegiado, junto al r\u00edo pero a metros del casco hist\u00f3rico de Rosario, el Centro Cultural Parque de Espa\u00f1a es un referente de la cultura contempor\u00e1nea y un espacio abierto al di\u00e1logo con las nuevas expresiones art\u00edsticas y sus p\u00fablicos","robots":{"index":"index","follow":"follow","max-snippet":"max-snippet:-1","max-image-preview":"max-image-preview:large","max-video-preview":"max-video-preview:-1"},"canonical":"https:\/\/ccpe.org.ar\/web\/colaboratoristas\/","og_locale":"es_ES","og_type":"article","og_title":"CoLaboratoristas - Centro Cultural Parque de Espa\u00f1a\/AECID","og_description":"Ubicado en la franja de mayor movimiento cultural de la ciudad, en un entorno privilegiado, junto al r\u00edo pero a metros del casco hist\u00f3rico de Rosario, el Centro Cultural Parque de Espa\u00f1a es un referente de la cultura contempor\u00e1nea y un espacio abierto al di\u00e1logo con las nuevas expresiones art\u00edsticas y sus p\u00fablicos","og_url":"https:\/\/ccpe.org.ar\/web\/colaboratoristas\/","og_site_name":"Centro Cultural Parque de Espa\u00f1a\/AECID","article_publisher":"https:\/\/www.facebook.com\/CCPErosario\/","article_published_time":"2021-04-16T13:43:12+00:00","article_modified_time":"2021-04-16T13:44:06+00:00","og_image":[{"width":1478,"height":824,"url":"https:\/\/ccpe.org.ar\/web\/wp-content\/uploads\/2021\/04\/b_colaboratoristas.jpg","type":"image\/jpeg"}],"author":"Sof\u00eda Sarbach","twitter_card":"summary_large_image","twitter_creator":"@ccpe","twitter_site":"@ccpe","twitter_misc":{"Escrito por":"Sof\u00eda Sarbach","Tiempo de lectura":"1 minuto"},"schema":{"@context":"https:\/\/schema.org","@graph":[{"@type":"WebPage","@id":"https:\/\/ccpe.org.ar\/web\/colaboratoristas\/","url":"https:\/\/ccpe.org.ar\/web\/colaboratoristas\/","name":"CoLaboratoristas - Centro Cultural Parque de Espa\u00f1a\/AECID","isPartOf":{"@id":"https:\/\/ccpe.org.ar\/web\/#website"},"primaryImageOfPage":{"@id":"https:\/\/ccpe.org.ar\/web\/colaboratoristas\/#primaryimage"},"image":{"@id":"https:\/\/ccpe.org.ar\/web\/colaboratoristas\/#primaryimage"},"thumbnailUrl":"https:\/\/ccpe.org.ar\/web\/wp-content\/uploads\/2021\/04\/b_colaboratoristas.jpg","datePublished":"2021-04-16T13:43:12+00:00","dateModified":"2021-04-16T13:44:06+00:00","author":{"@id":"https:\/\/ccpe.org.ar\/web\/#\/schema\/person\/7ae7bdca736f48ce0a856cc25a3cf690"},"description":"Ubicado en la franja de mayor movimiento cultural de la ciudad, en un entorno privilegiado, junto al r\u00edo pero a metros del casco hist\u00f3rico de Rosario, el Centro Cultural Parque de Espa\u00f1a es un referente de la cultura contempor\u00e1nea y un espacio abierto al di\u00e1logo con las nuevas expresiones art\u00edsticas y sus p\u00fablicos","breadcrumb":{"@id":"https:\/\/ccpe.org.ar\/web\/colaboratoristas\/#breadcrumb"},"inLanguage":"es","potentialAction":[{"@type":"ReadAction","target":["https:\/\/ccpe.org.ar\/web\/colaboratoristas\/"]}]},{"@type":"ImageObject","inLanguage":"es","@id":"https:\/\/ccpe.org.ar\/web\/colaboratoristas\/#primaryimage","url":"https:\/\/ccpe.org.ar\/web\/wp-content\/uploads\/2021\/04\/b_colaboratoristas.jpg","contentUrl":"https:\/\/ccpe.org.ar\/web\/wp-content\/uploads\/2021\/04\/b_colaboratoristas.jpg","width":1478,"height":824,"caption":"CoLaboratoristas"},{"@type":"BreadcrumbList","@id":"https:\/\/ccpe.org.ar\/web\/colaboratoristas\/#breadcrumb","itemListElement":[{"@type":"ListItem","position":1,"name":"Portada","item":"https:\/\/ccpe.org.ar\/web\/"},{"@type":"ListItem","position":2,"name":"CoLaboratoristas"}]},{"@type":"WebSite","@id":"https:\/\/ccpe.org.ar\/web\/#website","url":"https:\/\/ccpe.org.ar\/web\/","name":"Centro Cultural Parque de Espa\u00f1a\/AECID","description":"Sitio web del Centro Cultural Parque de Espa\u00f1a\/AECID","potentialAction":[{"@type":"SearchAction","target":{"@type":"EntryPoint","urlTemplate":"https:\/\/ccpe.org.ar\/web\/?s={search_term_string}"},"query-input":{"@type":"PropertyValueSpecification","valueRequired":true,"valueName":"search_term_string"}}],"inLanguage":"es"},{"@type":"Person","@id":"https:\/\/ccpe.org.ar\/web\/#\/schema\/person\/7ae7bdca736f48ce0a856cc25a3cf690","name":"Sof\u00eda Sarbach","image":{"@type":"ImageObject","inLanguage":"es","@id":"https:\/\/ccpe.org.ar\/web\/#\/schema\/person\/image\/","url":"https:\/\/secure.gravatar.com\/avatar\/46a5202fcf6fcee01f8b35320d3e1d80?s=96&d=mm&r=g","contentUrl":"https:\/\/secure.gravatar.com\/avatar\/46a5202fcf6fcee01f8b35320d3e1d80?s=96&d=mm&r=g","caption":"Sof\u00eda Sarbach"}}]}},"_links":{"self":[{"href":"https:\/\/ccpe.org.ar\/web\/wp-json\/wp\/v2\/posts\/2845"}],"collection":[{"href":"https:\/\/ccpe.org.ar\/web\/wp-json\/wp\/v2\/posts"}],"about":[{"href":"https:\/\/ccpe.org.ar\/web\/wp-json\/wp\/v2\/types\/post"}],"author":[{"embeddable":true,"href":"https:\/\/ccpe.org.ar\/web\/wp-json\/wp\/v2\/users\/2"}],"replies":[{"embeddable":true,"href":"https:\/\/ccpe.org.ar\/web\/wp-json\/wp\/v2\/comments?post=2845"}],"version-history":[{"count":0,"href":"https:\/\/ccpe.org.ar\/web\/wp-json\/wp\/v2\/posts\/2845\/revisions"}],"wp:featuredmedia":[{"embeddable":true,"href":"https:\/\/ccpe.org.ar\/web\/wp-json\/wp\/v2\/media\/2846"}],"wp:attachment":[{"href":"https:\/\/ccpe.org.ar\/web\/wp-json\/wp\/v2\/media?parent=2845"}],"wp:term":[{"taxonomy":"category","embeddable":true,"href":"https:\/\/ccpe.org.ar\/web\/wp-json\/wp\/v2\/categories?post=2845"},{"taxonomy":"post_tag","embeddable":true,"href":"https:\/\/ccpe.org.ar\/web\/wp-json\/wp\/v2\/tags?post=2845"}],"curies":[{"name":"wp","href":"https:\/\/api.w.org\/{rel}","templated":true}]}}