{"id":3638,"date":"2022-02-15T10:47:13","date_gmt":"2022-02-15T13:47:13","guid":{"rendered":"https:\/\/ccpe.org.ar\/web\/?p=3638"},"modified":"2022-02-17T13:07:41","modified_gmt":"2022-02-17T16:07:41","slug":"descarriadas-las-artes-escenicas-expandidas","status":"publish","type":"post","link":"https:\/\/ccpe.org.ar\/web\/descarriadas-las-artes-escenicas-expandidas\/","title":{"rendered":"DESCARRIADAS \/ Las artes esc\u00e9nicas expandidas"},"content":{"rendered":"<p><span style=\"font-weight: 400;\">B A S E S<\/span><\/p>\n<p><span style=\"font-weight: 400;\">El Centro Cultural Parque de Espa\u00f1a (CCPE) abre la convocatoria para participar en un programa de artes esc\u00e9nicas en 2 fases: <\/span><b>1) LABORATORIO DE CREACI\u00d3N DE PROYECTOS y 2) RESIDENCIA ART\u00cdSTICA con apoyo econ\u00f3mico <\/b><span style=\"font-weight: 400;\">a realizarse durante 2022.<\/span><\/p>\n<p><b>1. Cu\u00e1les son los objetivos y finalidades de la convocatoria<\/b><br \/>\n<span style=\"font-weight: 400;\">Esta convocatoria tiene como finalidad la realizaci\u00f3n de un <\/span><b>laboratorio<\/b><span style=\"font-weight: 400;\"> de producci\u00f3n de proyectos y una <\/span><b>residencia<\/b><span style=\"font-weight: 400;\"> de creaci\u00f3n y montaje de la que resultar\u00e1n 3 puestas en escena.<\/span><br \/>\n<span style=\"font-weight: 400;\">Su objeto es fomentar la creaci\u00f3n esc\u00e9nica en la ciudad de Rosario, a partir de enfoques rigurosos de trabajo y el cruce interdisciplinar, colaborar con el desarrollo de nuevas posibilidades de expresi\u00f3n en lenguajes h\u00edbridos que tengan a las artes esc\u00e9nicas como eje de investigaci\u00f3n, estimular el desarrollo de la escena emergente rosarina y contribuir al impulso del desarrollo de la cultura argentina.<\/span><\/p>\n<p><b>2. A qui\u00e9nes est\u00e1 destinada\u00a0<\/b><br \/>\n<span style=\"font-weight: 400;\">La presente convocatoria est\u00e1 destinada a creadorxs mayores de 18 a\u00f1os interesadxs en investigar el cruce de lenguajes entre las artes esc\u00e9nicas con otras disciplinas, y que residan y desarrollen su proceso creativo en la ciudad de Rosario o su <\/span><a href=\"https:\/\/www.argentina.gob.ar\/dami\/noreste\/metropolitana-de-rosario\"><span style=\"font-weight: 400;\">\u00e1rea metropolitana<\/span><\/a><span style=\"font-weight: 400;\">, quienes se postular\u00e1n con un <\/span><b>pre-proyecto<\/b><span style=\"font-weight: 400;\">, a trav\u00e9s del <a href=\"https:\/\/www.rosario.gob.ar\/form\/id\/descarriadas-ccpe-2022\"><strong>formulario de inscripci\u00f3n<\/strong><\/a><\/span><strong>.<\/strong><br \/>\n<span style=\"font-weight: 400;\">Pueden presentarse creadores individuales o grupos \/ compa\u00f1\u00edas. Podr\u00e1n participar del laboratorio 1 o 2 personas por grupo, con el compromiso de asistir a todas las instancias de formaci\u00f3n (tanto virtuales como presenciales).\u00a0<\/span><br \/>\n<span style=\"font-weight: 400;\">Es un requisito contar con pase sanitario o certificado de vacunaci\u00f3n con esquema completo para participar. Esta condici\u00f3n queda sujeta a toda nueva disposici\u00f3n que el gobierno emita con posterioridad a esta publicaci\u00f3n, pudiendo actualizarse.<\/span><\/p>\n<p><b>3. Cu\u00e1les son los temas que nos interesan especialmente<\/b><br \/>\n<span style=\"font-weight: 400;\">La convocatoria priorizar\u00e1 aquellos pre-proyectos que aborden problem\u00e1ticas <\/span><span style=\"font-weight: 400;\">vinculadas a temas como g\u00e9nero, poblaciones vulnerables, cambio clim\u00e1tico,\u00a0 sustentabilidad, discapacidad, entre otros, alineados con los objetivos del desarrollo sostenible de las <\/span><a href=\"https:\/\/www.un.org\/sustainabledevelopment\/es\/objetivos-de-desarrollo-sostenible\/\"><span style=\"font-weight: 400;\">Naciones Unidas.<\/span><\/a><\/p>\n<p><b>4. Fase 1: Laboratorio de producci\u00f3n<\/b><br \/>\n<span style=\"font-weight: 400;\">Se seleccionar\u00e1n hasta 20 (veinte) pre-proyectos para el laboratorio de producci\u00f3n de proyectos esc\u00e9nicos, que tendr\u00e1 lugar\u00a0 entre <\/span><span style=\"font-weight: 400;\">marzo y mayo <\/span><span style=\"font-weight: 400;\">de 2022.<\/span><br \/>\n<span style=\"font-weight: 400;\">Lxs representantes de los 20 pre-proyectos deber\u00e1n participar de todas las instancias propuestas y cumplimentar con las entregas solicitadas (carpeta, sesi\u00f3n de pitching y presentaci\u00f3n en vivo de fragmento de proceso) como requisito excluyente para poder participar en el proceso de selecci\u00f3n de la Fase 2 (residencia de creaci\u00f3n y montaje con la cobertura de gastos para su producci\u00f3n).\u00a0\u00a0<\/span><\/p>\n<p><b>5. Fase 2: Residencia de creaci\u00f3n y montaje con apoyo econ\u00f3mico para la producci\u00f3n<\/b><br \/>\n<span style=\"font-weight: 400;\">A partir del laboratorio (Fase 1) se seleccionar\u00e1n hasta 3 (tres) proyectos para la\u00a0 residencia de creaci\u00f3n y montaje (Fase 2), cuya producci\u00f3n final se estrenar\u00e1 en el curso del mes de noviembre de 2022 en el CCPE<\/span><span style=\"font-weight: 400;\">.\u00a0 A estos proyectos se les asignar\u00e1 un monto de hasta un <\/span><b>m\u00e1ximo de 300.000 pesos <\/b><span style=\"font-weight: 400;\">para gastos en concepto de producci\u00f3n en funci\u00f3n del presupuesto presentado en la carpeta del proyecto.<\/span><br \/>\n<span style=\"font-weight: 400;\">Este monto se definir\u00e1 de acuerdo a las necesidades de cada proyecto y su pago se realizar\u00e1 en fases seg\u00fan el convenio <\/span><i><span style=\"font-weight: 400;\">ad hoc <\/span><\/i><span style=\"font-weight: 400;\">firmado por los representantes del proyecto con el CCPE.\u00a0<\/span><br \/>\n<span style=\"font-weight: 400;\">El monto total del presupuesto se pagar\u00e1 al representante del proyecto indicado en el formulario de inscripci\u00f3n, contra presentaci\u00f3n previa de una factura oficial, y mediante transferencia bancaria al destinatario de la factura. Seg\u00fan los conceptos detallados en el presupuesto, se podr\u00e1 acordar el pago directo de alg\u00fan concepto de gasto.<\/span><br \/>\n<span style=\"font-weight: 400;\">El dinero otorgado deber\u00e1 cubrir la totalidad de gastos de producci\u00f3n (dise\u00f1o, materiales, construcci\u00f3n), traslados, honorarios. En el caso de utilizar materiales bajo propiedad intelectual, los participantes son responsables de gestionar y\/o cubrir los gastos vinculados con los organismos correspondientes.\u00a0 Dichos aranceles deben contemplarse dentro del presupuesto total del proyecto .\u00a0<\/span><br \/>\n<span style=\"font-weight: 400;\">El CCPE dispondr\u00e1 de la sala\/espacio, con el equipamiento y personal t\u00e9cnico para que las piezas sean estrenadas como parte de su programaci\u00f3n.<\/span><br \/>\n<span style=\"font-weight: 400;\">Las propuestas deber\u00e1n desarrollarse teniendo en cuenta las capacidades del espacio, de los recursos t\u00e9cnicos y humanos y de la conservaci\u00f3n edilicia del CCPE.<\/span><\/p>\n<p><b>6. Jurados\u00a0<\/b><br \/>\n<span style=\"font-weight: 400;\">La selecci\u00f3n de los 20 pre-proyectos para participar en el laboratorio y de los 3 proyectos para la residencia de creaci\u00f3n y montaje con apoyo econ\u00f3mico estar\u00e1 a cargo de especialistas en artes esc\u00e9nicas y representantes del CCPE.<\/span><\/p>\n<p><b>7. C\u00f3mo postular<\/b><br \/>\n<span style=\"font-weight: 400;\">Los interesados deber\u00e1n completar el siguiente <a href=\"https:\/\/www.rosario.gob.ar\/form\/id\/descarriadas-ccpe-2022\"><strong>formulario<\/strong><\/a><\/span><span style=\"font-weight: 400;\"><strong>\u00a0<\/strong>en el que se les pedir\u00e1 una s\u00edntesis del pre-proyecto y el siguiente material:<\/span><\/p>\n<ul>\n<li style=\"font-weight: 400;\" aria-level=\"1\"><span style=\"font-weight: 400;\">Carta de intenci\u00f3n que incluya compromiso expreso de participar en todas las instancias del laboratorio, firmada por la\/s persona\/s participante\/s del laboratorio.<\/span><\/li>\n<li style=\"font-weight: 400;\" aria-level=\"1\"><span style=\"font-weight: 400;\">Algunas referencias del universo creativo del pre-proyecto en un \u00fanico archivo en formato pdf.<\/span><\/li>\n<li style=\"font-weight: 400;\" aria-level=\"1\"><span style=\"font-weight: 400;\">Bio narrada de todas las personas participantes<\/span><\/li>\n<li style=\"font-weight: 400;\" aria-level=\"1\"><span style=\"font-weight: 400;\">Carpeta de referencias de trabajos anteriores, en un \u00fanico archivo en formato pdf. Puede incluir links de descarga de fotos u otros materiales\/ p\u00e1ginas web\/redes sociales\u00a0<\/span><\/li>\n<\/ul>\n<p><span style=\"font-weight: 400;\">El plazo de presentaci\u00f3n es hasta el <strong>15 de<\/strong><\/span><b>\u00a0marzo de 2022 <\/b><span style=\"font-weight: 400;\">inclusive. Una vez finalizado este plazo, no se aceptar\u00e1 ninguna otra candidatura.<\/span><br \/>\n<span style=\"font-weight: 400;\">El CCPE comunicar\u00e1 la lista de pre-proyectos seleccionados el d\u00eda 23 de marzo y se pondr\u00e1 en contacto lxs responsables para la participaci\u00f3n en el laboratorio de producci<\/span><span style=\"font-weight: 400;\">\u00f3n. Los<\/span><span style=\"font-weight: 400;\"> seleccionados deber\u00e1n confirmar su participaci\u00f3n hasta el 28 de marzo de 2022, de lo contrario se le dar\u00e1 lugar a los pre-proyectos suplentes.<\/span><\/p>\n<p><b>8. Cronograma\u00a0<\/b><\/p>\n<ul>\n<li style=\"font-weight: 400;\" aria-level=\"1\"><span style=\"font-weight: 400;\">Recepci\u00f3n de inscripciones: <\/span><b>hasta el 15 de marzo 2022<\/b><\/li>\n<li style=\"font-weight: 400;\" aria-level=\"1\"><span style=\"font-weight: 400;\">Anuncio de proyectos seleccionados: <\/span><b>23 de marzo 2022<\/b><\/li>\n<li style=\"font-weight: 400;\" aria-level=\"1\"><span style=\"font-weight: 400;\">Confirmaci\u00f3n de la participaci\u00f3n: hasta el 28 de marzo 2022<\/span><\/li>\n<li style=\"font-weight: 400;\" aria-level=\"1\"><span style=\"font-weight: 400;\">Comienzo del laboratorio: 29 de marzo 2022<\/span><\/li>\n<li style=\"font-weight: 400;\" aria-level=\"1\"><span style=\"font-weight: 400;\">Encuentros: martes y mi\u00e9rcoles de 18 a 21 h (una semana presencial en el CCPE y una semana virtual, alternadamente), del 29 de marzo al 18 de mayo 2022<\/span><\/li>\n<li style=\"font-weight: 400;\" aria-level=\"1\"><span style=\"font-weight: 400;\">Clases magistrales: de marzo a junio. D\u00edas y horarios a confirmar<\/span><\/li>\n<li style=\"font-weight: 400;\" aria-level=\"1\"><span style=\"font-weight: 400;\">Presentaci\u00f3n y selecci\u00f3n de 3 proyectos para residencia: \u00faltima semana de mayo\/ primera semana de junio<\/span><\/li>\n<li style=\"font-weight: 400;\" aria-level=\"1\"><span style=\"font-weight: 400;\">Residencia: junio a octubre 2022<\/span><\/li>\n<li style=\"font-weight: 400;\" aria-level=\"1\"><span style=\"font-weight: 400;\">Estreno obras: noviembre 2022<\/span><\/li>\n<\/ul>\n<p><b>9. Condiciones para pasar a la fase de residencia\u00a0<\/b><br \/>\n<span style=\"font-weight: 400;\">Para estar en condiciones de ser seleccionadxs para la residencia (Fase 2) los requisitos excluyentes son:\u00a0<\/span><\/p>\n<ul>\n<li style=\"list-style-type: none;\">\n<ul>\n<li style=\"font-weight: 400;\" aria-level=\"1\"><span style=\"font-weight: 400;\">Haber asistido al 90 por ciento de las instancias de formaci\u00f3n virtuales y presenciales del laboratorio<\/span><\/li>\n<li style=\"font-weight: 400;\" aria-level=\"1\"><span style=\"font-weight: 400;\">Haber presentado la carpeta del proyecto con el presupuesto estimado del proyecto\u00a0<\/span><\/li>\n<li style=\"font-weight: 400;\" aria-level=\"1\"><span style=\"font-weight: 400;\">Haber realizado la presentaci\u00f3n final del laboratorio<\/span><\/li>\n<\/ul>\n<\/li>\n<\/ul>\n<p><b>10. Obligaciones de lxs participantes de la residencia\u00a0<\/b><br \/>\n<span style=\"font-weight: 400;\">Lxs beneficiarixs de la residencia y del apoyo econ\u00f3mico correspondiente <\/span><span style=\"font-weight: 400;\">firmar\u00e1n un convenio <\/span><i><span style=\"font-weight: 400;\">ad hoc <\/span><\/i><span style=\"font-weight: 400;\">con el CCPE y estar\u00e1n obligados a desarrollar el <\/span><span style=\"font-weight: 400;\">proyecto en los plazos previstos en el calendario de trabajo, cumpliendo con el programa y agenda propuestos por el CCPE. De lo contrario el CCPE, se reserva el derecho de suspender su participaci\u00f3n y el apoyo econ\u00f3mico para el desarrollo del proyecto.<\/span><br \/>\n<span style=\"font-weight: 400;\">Lxs beneficiarixs autorizan que se cite su nombre, as\u00ed como tambi\u00e9n la reproducci\u00f3n de su obra para cualquier tipo de difusi\u00f3n o publicaci\u00f3n del CCPE y las organizaciones a las que pertenece.<\/span><\/p>\n<p><b>11 .Sobre el estreno de las producciones en residencia\u00a0<\/b><br \/>\n<span style=\"font-weight: 400;\">Los proyectos se estrenar\u00e1n en el curso del mes de noviembre de 2022 en el CCPE en fechas y horarios a acordar.<\/span><\/p>\n<p><b>12. Otras consideraciones<\/b><br \/>\n<span style=\"font-weight: 400;\">Quedan excluidos de la presente convocatoria empleados y familiares de empleados del CCPE.<\/span><br \/>\n<span style=\"font-weight: 400;\">El CCPE se reserva el derecho a declarar los concursos desiertos.\u00a0<\/span><br \/>\n<span style=\"font-weight: 400;\">La participaci\u00f3n en esta convocatoria implica la aceptaci\u00f3n de estas bases.<\/span><br \/>\n<span style=\"font-weight: 400;\">Cualquier punto no especificado en estas bases ser\u00e1 resuelto de acuerdo a los criterios del CCPE.<\/span><\/p>\n<p><strong>Consultas en info@ccpe.org.ar<\/strong><\/p>\n<p>&nbsp;<\/p>\n","protected":false},"excerpt":{"rendered":"<p>El Centro Cultural Parque de Espa\u00f1a (CCPE) abre la convocatoria para participar en un programa de artes esc\u00e9nicas<\/p>\n","protected":false},"author":2,"featured_media":0,"comment_status":"closed","ping_status":"open","sticky":false,"template":"","format":"standard","meta":{"_et_pb_use_builder":"","_et_pb_old_content":"","_et_gb_content_width":"","_exactmetrics_skip_tracking":false,"_exactmetrics_sitenote_active":false,"_exactmetrics_sitenote_note":"","_exactmetrics_sitenote_category":0,"footnotes":""},"categories":[1],"tags":[],"yoast_head":"<!-- This site is optimized with the Yoast SEO plugin v23.5 - https:\/\/yoast.com\/wordpress\/plugins\/seo\/ -->\n<title>DESCARRIADAS \/ Las artes esc\u00e9nicas expandidas - Centro Cultural Parque de Espa\u00f1a\/AECID<\/title>\n<meta name=\"description\" content=\"Ubicado en la franja de mayor movimiento cultural de la ciudad, en un entorno privilegiado, junto al r\u00edo pero a metros del casco hist\u00f3rico de Rosario, el Centro Cultural Parque de Espa\u00f1a es un referente de la cultura contempor\u00e1nea y un espacio abierto al di\u00e1logo con las nuevas expresiones art\u00edsticas y sus p\u00fablicos\" \/>\n<meta name=\"robots\" content=\"index, follow, max-snippet:-1, max-image-preview:large, max-video-preview:-1\" \/>\n<link rel=\"canonical\" href=\"https:\/\/ccpe.org.ar\/web\/descarriadas-las-artes-escenicas-expandidas\/\" \/>\n<meta property=\"og:locale\" content=\"es_ES\" \/>\n<meta property=\"og:type\" content=\"article\" \/>\n<meta property=\"og:title\" content=\"DESCARRIADAS \/ Las artes esc\u00e9nicas expandidas - Centro Cultural Parque de Espa\u00f1a\/AECID\" \/>\n<meta property=\"og:description\" content=\"Ubicado en la franja de mayor movimiento cultural de la ciudad, en un entorno privilegiado, junto al r\u00edo pero a metros del casco hist\u00f3rico de Rosario, el Centro Cultural Parque de Espa\u00f1a es un referente de la cultura contempor\u00e1nea y un espacio abierto al di\u00e1logo con las nuevas expresiones art\u00edsticas y sus p\u00fablicos\" \/>\n<meta property=\"og:url\" content=\"https:\/\/ccpe.org.ar\/web\/descarriadas-las-artes-escenicas-expandidas\/\" \/>\n<meta property=\"og:site_name\" content=\"Centro Cultural Parque de Espa\u00f1a\/AECID\" \/>\n<meta property=\"article:publisher\" content=\"https:\/\/www.facebook.com\/CCPErosario\/\" \/>\n<meta property=\"article:published_time\" content=\"2022-02-15T13:47:13+00:00\" \/>\n<meta property=\"article:modified_time\" content=\"2022-02-17T16:07:41+00:00\" \/>\n<meta name=\"author\" content=\"Sof\u00eda Sarbach\" \/>\n<meta name=\"twitter:card\" content=\"summary_large_image\" \/>\n<meta name=\"twitter:creator\" content=\"@ccpe\" \/>\n<meta name=\"twitter:site\" content=\"@ccpe\" \/>\n<meta name=\"twitter:label1\" content=\"Escrito por\" \/>\n\t<meta name=\"twitter:data1\" content=\"Sof\u00eda Sarbach\" \/>\n\t<meta name=\"twitter:label2\" content=\"Tiempo de lectura\" \/>\n\t<meta name=\"twitter:data2\" content=\"6 minutos\" \/>\n<script type=\"application\/ld+json\" class=\"yoast-schema-graph\">{\"@context\":\"https:\/\/schema.org\",\"@graph\":[{\"@type\":\"WebPage\",\"@id\":\"https:\/\/ccpe.org.ar\/web\/descarriadas-las-artes-escenicas-expandidas\/\",\"url\":\"https:\/\/ccpe.org.ar\/web\/descarriadas-las-artes-escenicas-expandidas\/\",\"name\":\"DESCARRIADAS \/ Las artes esc\u00e9nicas expandidas - Centro Cultural Parque de Espa\u00f1a\/AECID\",\"isPartOf\":{\"@id\":\"https:\/\/ccpe.org.ar\/web\/#website\"},\"datePublished\":\"2022-02-15T13:47:13+00:00\",\"dateModified\":\"2022-02-17T16:07:41+00:00\",\"author\":{\"@id\":\"https:\/\/ccpe.org.ar\/web\/#\/schema\/person\/7ae7bdca736f48ce0a856cc25a3cf690\"},\"description\":\"Ubicado en la franja de mayor movimiento cultural de la ciudad, en un entorno privilegiado, junto al r\u00edo pero a metros del casco hist\u00f3rico de Rosario, el Centro Cultural Parque de Espa\u00f1a es un referente de la cultura contempor\u00e1nea y un espacio abierto al di\u00e1logo con las nuevas expresiones art\u00edsticas y sus p\u00fablicos\",\"breadcrumb\":{\"@id\":\"https:\/\/ccpe.org.ar\/web\/descarriadas-las-artes-escenicas-expandidas\/#breadcrumb\"},\"inLanguage\":\"es\",\"potentialAction\":[{\"@type\":\"ReadAction\",\"target\":[\"https:\/\/ccpe.org.ar\/web\/descarriadas-las-artes-escenicas-expandidas\/\"]}]},{\"@type\":\"BreadcrumbList\",\"@id\":\"https:\/\/ccpe.org.ar\/web\/descarriadas-las-artes-escenicas-expandidas\/#breadcrumb\",\"itemListElement\":[{\"@type\":\"ListItem\",\"position\":1,\"name\":\"Portada\",\"item\":\"https:\/\/ccpe.org.ar\/web\/\"},{\"@type\":\"ListItem\",\"position\":2,\"name\":\"DESCARRIADAS \/ Las artes esc\u00e9nicas expandidas\"}]},{\"@type\":\"WebSite\",\"@id\":\"https:\/\/ccpe.org.ar\/web\/#website\",\"url\":\"https:\/\/ccpe.org.ar\/web\/\",\"name\":\"Centro Cultural Parque de Espa\u00f1a\/AECID\",\"description\":\"Sitio web del Centro Cultural Parque de Espa\u00f1a\/AECID\",\"potentialAction\":[{\"@type\":\"SearchAction\",\"target\":{\"@type\":\"EntryPoint\",\"urlTemplate\":\"https:\/\/ccpe.org.ar\/web\/?s={search_term_string}\"},\"query-input\":{\"@type\":\"PropertyValueSpecification\",\"valueRequired\":true,\"valueName\":\"search_term_string\"}}],\"inLanguage\":\"es\"},{\"@type\":\"Person\",\"@id\":\"https:\/\/ccpe.org.ar\/web\/#\/schema\/person\/7ae7bdca736f48ce0a856cc25a3cf690\",\"name\":\"Sof\u00eda Sarbach\",\"image\":{\"@type\":\"ImageObject\",\"inLanguage\":\"es\",\"@id\":\"https:\/\/ccpe.org.ar\/web\/#\/schema\/person\/image\/\",\"url\":\"https:\/\/secure.gravatar.com\/avatar\/46a5202fcf6fcee01f8b35320d3e1d80?s=96&d=mm&r=g\",\"contentUrl\":\"https:\/\/secure.gravatar.com\/avatar\/46a5202fcf6fcee01f8b35320d3e1d80?s=96&d=mm&r=g\",\"caption\":\"Sof\u00eda Sarbach\"}}]}<\/script>\n<!-- \/ Yoast SEO plugin. -->","yoast_head_json":{"title":"DESCARRIADAS \/ Las artes esc\u00e9nicas expandidas - Centro Cultural Parque de Espa\u00f1a\/AECID","description":"Ubicado en la franja de mayor movimiento cultural de la ciudad, en un entorno privilegiado, junto al r\u00edo pero a metros del casco hist\u00f3rico de Rosario, el Centro Cultural Parque de Espa\u00f1a es un referente de la cultura contempor\u00e1nea y un espacio abierto al di\u00e1logo con las nuevas expresiones art\u00edsticas y sus p\u00fablicos","robots":{"index":"index","follow":"follow","max-snippet":"max-snippet:-1","max-image-preview":"max-image-preview:large","max-video-preview":"max-video-preview:-1"},"canonical":"https:\/\/ccpe.org.ar\/web\/descarriadas-las-artes-escenicas-expandidas\/","og_locale":"es_ES","og_type":"article","og_title":"DESCARRIADAS \/ Las artes esc\u00e9nicas expandidas - Centro Cultural Parque de Espa\u00f1a\/AECID","og_description":"Ubicado en la franja de mayor movimiento cultural de la ciudad, en un entorno privilegiado, junto al r\u00edo pero a metros del casco hist\u00f3rico de Rosario, el Centro Cultural Parque de Espa\u00f1a es un referente de la cultura contempor\u00e1nea y un espacio abierto al di\u00e1logo con las nuevas expresiones art\u00edsticas y sus p\u00fablicos","og_url":"https:\/\/ccpe.org.ar\/web\/descarriadas-las-artes-escenicas-expandidas\/","og_site_name":"Centro Cultural Parque de Espa\u00f1a\/AECID","article_publisher":"https:\/\/www.facebook.com\/CCPErosario\/","article_published_time":"2022-02-15T13:47:13+00:00","article_modified_time":"2022-02-17T16:07:41+00:00","author":"Sof\u00eda Sarbach","twitter_card":"summary_large_image","twitter_creator":"@ccpe","twitter_site":"@ccpe","twitter_misc":{"Escrito por":"Sof\u00eda Sarbach","Tiempo de lectura":"6 minutos"},"schema":{"@context":"https:\/\/schema.org","@graph":[{"@type":"WebPage","@id":"https:\/\/ccpe.org.ar\/web\/descarriadas-las-artes-escenicas-expandidas\/","url":"https:\/\/ccpe.org.ar\/web\/descarriadas-las-artes-escenicas-expandidas\/","name":"DESCARRIADAS \/ Las artes esc\u00e9nicas expandidas - Centro Cultural Parque de Espa\u00f1a\/AECID","isPartOf":{"@id":"https:\/\/ccpe.org.ar\/web\/#website"},"datePublished":"2022-02-15T13:47:13+00:00","dateModified":"2022-02-17T16:07:41+00:00","author":{"@id":"https:\/\/ccpe.org.ar\/web\/#\/schema\/person\/7ae7bdca736f48ce0a856cc25a3cf690"},"description":"Ubicado en la franja de mayor movimiento cultural de la ciudad, en un entorno privilegiado, junto al r\u00edo pero a metros del casco hist\u00f3rico de Rosario, el Centro Cultural Parque de Espa\u00f1a es un referente de la cultura contempor\u00e1nea y un espacio abierto al di\u00e1logo con las nuevas expresiones art\u00edsticas y sus p\u00fablicos","breadcrumb":{"@id":"https:\/\/ccpe.org.ar\/web\/descarriadas-las-artes-escenicas-expandidas\/#breadcrumb"},"inLanguage":"es","potentialAction":[{"@type":"ReadAction","target":["https:\/\/ccpe.org.ar\/web\/descarriadas-las-artes-escenicas-expandidas\/"]}]},{"@type":"BreadcrumbList","@id":"https:\/\/ccpe.org.ar\/web\/descarriadas-las-artes-escenicas-expandidas\/#breadcrumb","itemListElement":[{"@type":"ListItem","position":1,"name":"Portada","item":"https:\/\/ccpe.org.ar\/web\/"},{"@type":"ListItem","position":2,"name":"DESCARRIADAS \/ Las artes esc\u00e9nicas expandidas"}]},{"@type":"WebSite","@id":"https:\/\/ccpe.org.ar\/web\/#website","url":"https:\/\/ccpe.org.ar\/web\/","name":"Centro Cultural Parque de Espa\u00f1a\/AECID","description":"Sitio web del Centro Cultural Parque de Espa\u00f1a\/AECID","potentialAction":[{"@type":"SearchAction","target":{"@type":"EntryPoint","urlTemplate":"https:\/\/ccpe.org.ar\/web\/?s={search_term_string}"},"query-input":{"@type":"PropertyValueSpecification","valueRequired":true,"valueName":"search_term_string"}}],"inLanguage":"es"},{"@type":"Person","@id":"https:\/\/ccpe.org.ar\/web\/#\/schema\/person\/7ae7bdca736f48ce0a856cc25a3cf690","name":"Sof\u00eda Sarbach","image":{"@type":"ImageObject","inLanguage":"es","@id":"https:\/\/ccpe.org.ar\/web\/#\/schema\/person\/image\/","url":"https:\/\/secure.gravatar.com\/avatar\/46a5202fcf6fcee01f8b35320d3e1d80?s=96&d=mm&r=g","contentUrl":"https:\/\/secure.gravatar.com\/avatar\/46a5202fcf6fcee01f8b35320d3e1d80?s=96&d=mm&r=g","caption":"Sof\u00eda Sarbach"}}]}},"_links":{"self":[{"href":"https:\/\/ccpe.org.ar\/web\/wp-json\/wp\/v2\/posts\/3638"}],"collection":[{"href":"https:\/\/ccpe.org.ar\/web\/wp-json\/wp\/v2\/posts"}],"about":[{"href":"https:\/\/ccpe.org.ar\/web\/wp-json\/wp\/v2\/types\/post"}],"author":[{"embeddable":true,"href":"https:\/\/ccpe.org.ar\/web\/wp-json\/wp\/v2\/users\/2"}],"replies":[{"embeddable":true,"href":"https:\/\/ccpe.org.ar\/web\/wp-json\/wp\/v2\/comments?post=3638"}],"version-history":[{"count":0,"href":"https:\/\/ccpe.org.ar\/web\/wp-json\/wp\/v2\/posts\/3638\/revisions"}],"wp:attachment":[{"href":"https:\/\/ccpe.org.ar\/web\/wp-json\/wp\/v2\/media?parent=3638"}],"wp:term":[{"taxonomy":"category","embeddable":true,"href":"https:\/\/ccpe.org.ar\/web\/wp-json\/wp\/v2\/categories?post=3638"},{"taxonomy":"post_tag","embeddable":true,"href":"https:\/\/ccpe.org.ar\/web\/wp-json\/wp\/v2\/tags?post=3638"}],"curies":[{"name":"wp","href":"https:\/\/api.w.org\/{rel}","templated":true}]}}