{"id":4262,"date":"2023-02-24T11:16:56","date_gmt":"2023-02-24T14:16:56","guid":{"rendered":"https:\/\/ccpe.org.ar\/web\/?p=4262"},"modified":"2023-02-24T11:16:56","modified_gmt":"2023-02-24T14:16:56","slug":"banco-rojo-en-el-patio-de-los-cipreses","status":"publish","type":"post","link":"https:\/\/ccpe.org.ar\/web\/banco-rojo-en-el-patio-de-los-cipreses\/","title":{"rendered":"Banco rojo en el Patio de los Cipreses"},"content":{"rendered":"<p><span style=\"font-weight: 400;\">En el marco del 25N D\u00eda Internacional de la Eliminaci\u00f3n de la Violencia contra las <\/span><span style=\"font-weight: 400;\">Mujeres, Lesbianas, Travestis, Trans, Bisexuales, Intersex y No Binaries<\/span><span style=\"font-weight: 400;\"> el Centro Cultural Parque de Espa\u00f1a inaugur\u00f3 en el Patio de los Cipreses un \u00abBanco rojo\u00bb, en memoria de todas las v\u00edctimas de femicidios, transfemicidios y travesticidios.\u00a0<\/span><\/p>\n<p><span style=\"font-weight: 400;\">Organizan: Centro Cultural Parque de Espa\u00f1a con Red de Mujeres y Disidencias del Distrito Centro.<\/span><\/p>\n<p><b>Sobre los bancos rojos<\/b><\/p>\n<p><span style=\"font-weight: 400;\">La iniciativa en torno a los bancos rojos en los espacios p\u00fablicos surgi\u00f3 en 2016 en Italia. La intervenci\u00f3n est\u00e1 inspirada en las trabajadoras mexicanas que utilizaban zapatos rojos como protesta. El banco rojo se replica en varios pa\u00edses del mundo, por lo que se convirti\u00f3 en un s\u00edmbolo de concientizaci\u00f3n y sensibilizaci\u00f3n sobre violencia de g\u00e9nero y los femicidios.<\/span><\/p>\n<p><b>Nueva leyenda<\/b><\/p>\n<p><span style=\"font-weight: 400;\">El banco rojo del CCPE es el primero en llevar una nueva leyenda que fue aprobada por el Consejo Municipal de Rosario, a trav\u00e9s de la Comisi\u00f3n de Feminismos, Disidencias y Derechos Humanos, en el decreto n\u00ba<\/span><span style=\"font-weight: 400;\"> 63.078.<\/span><span style=\"font-weight: 400;\"> \u201cEn memoria de todas las v\u00edctimas de femicidios, transfemicidios y travesticidios\u201d ser\u00e1 el texto que acompa\u00f1e al nuevo banco rojo.<\/span><\/p>\n","protected":false},"excerpt":{"rendered":"<p>En el marco del D\u00eda Internacional de la Eliminaci\u00f3n de la Violencia contra las Mujeres, Lesbianas, Travestis, Trans, Bisexuales, Intersex y No Binaries.<\/p>\n","protected":false},"author":2,"featured_media":4158,"comment_status":"closed","ping_status":"open","sticky":false,"template":"","format":"standard","meta":{"_et_pb_use_builder":"","_et_pb_old_content":"","_et_gb_content_width":"","_exactmetrics_skip_tracking":false,"_exactmetrics_sitenote_active":false,"_exactmetrics_sitenote_note":"","_exactmetrics_sitenote_category":0,"footnotes":""},"categories":[4],"tags":[],"yoast_head":"<!-- This site is optimized with the Yoast SEO plugin v23.5 - https:\/\/yoast.com\/wordpress\/plugins\/seo\/ -->\n<title>Banco rojo en el Patio de los Cipreses - Centro Cultural Parque de Espa\u00f1a\/AECID<\/title>\n<meta name=\"description\" content=\"Ubicado en la franja de mayor movimiento cultural de la ciudad, en un entorno privilegiado, junto al r\u00edo pero a metros del casco hist\u00f3rico de Rosario, el Centro Cultural Parque de Espa\u00f1a es un referente de la cultura contempor\u00e1nea y un espacio abierto al di\u00e1logo con las nuevas expresiones art\u00edsticas y sus p\u00fablicos\" \/>\n<meta name=\"robots\" content=\"index, follow, max-snippet:-1, max-image-preview:large, max-video-preview:-1\" \/>\n<link rel=\"canonical\" href=\"https:\/\/ccpe.org.ar\/web\/banco-rojo-en-el-patio-de-los-cipreses\/\" \/>\n<meta property=\"og:locale\" content=\"es_ES\" \/>\n<meta property=\"og:type\" content=\"article\" \/>\n<meta property=\"og:title\" content=\"Banco rojo en el Patio de los Cipreses - Centro Cultural Parque de Espa\u00f1a\/AECID\" \/>\n<meta property=\"og:description\" content=\"Ubicado en la franja de mayor movimiento cultural de la ciudad, en un entorno privilegiado, junto al r\u00edo pero a metros del casco hist\u00f3rico de Rosario, el Centro Cultural Parque de Espa\u00f1a es un referente de la cultura contempor\u00e1nea y un espacio abierto al di\u00e1logo con las nuevas expresiones art\u00edsticas y sus p\u00fablicos\" \/>\n<meta property=\"og:url\" content=\"https:\/\/ccpe.org.ar\/web\/banco-rojo-en-el-patio-de-los-cipreses\/\" \/>\n<meta property=\"og:site_name\" content=\"Centro Cultural Parque de Espa\u00f1a\/AECID\" \/>\n<meta property=\"article:publisher\" content=\"https:\/\/www.facebook.com\/CCPErosario\/\" \/>\n<meta property=\"article:published_time\" content=\"2023-02-24T14:16:56+00:00\" \/>\n<meta property=\"og:image\" content=\"https:\/\/ccpe.org.ar\/web\/wp-content\/uploads\/2022\/11\/banco-rojo-CCPE-web.jpg\" \/>\n\t<meta property=\"og:image:width\" content=\"2000\" \/>\n\t<meta property=\"og:image:height\" content=\"972\" \/>\n\t<meta property=\"og:image:type\" content=\"image\/jpeg\" \/>\n<meta name=\"author\" content=\"Sof\u00eda Sarbach\" \/>\n<meta name=\"twitter:card\" content=\"summary_large_image\" \/>\n<meta name=\"twitter:creator\" content=\"@ccpe\" \/>\n<meta name=\"twitter:site\" content=\"@ccpe\" \/>\n<meta name=\"twitter:label1\" content=\"Escrito por\" \/>\n\t<meta name=\"twitter:data1\" content=\"Sof\u00eda Sarbach\" \/>\n\t<meta name=\"twitter:label2\" content=\"Tiempo de lectura\" \/>\n\t<meta name=\"twitter:data2\" content=\"1 minuto\" \/>\n<script type=\"application\/ld+json\" class=\"yoast-schema-graph\">{\"@context\":\"https:\/\/schema.org\",\"@graph\":[{\"@type\":\"WebPage\",\"@id\":\"https:\/\/ccpe.org.ar\/web\/banco-rojo-en-el-patio-de-los-cipreses\/\",\"url\":\"https:\/\/ccpe.org.ar\/web\/banco-rojo-en-el-patio-de-los-cipreses\/\",\"name\":\"Banco rojo en el Patio de los Cipreses - Centro Cultural Parque de Espa\u00f1a\/AECID\",\"isPartOf\":{\"@id\":\"https:\/\/ccpe.org.ar\/web\/#website\"},\"primaryImageOfPage\":{\"@id\":\"https:\/\/ccpe.org.ar\/web\/banco-rojo-en-el-patio-de-los-cipreses\/#primaryimage\"},\"image\":{\"@id\":\"https:\/\/ccpe.org.ar\/web\/banco-rojo-en-el-patio-de-los-cipreses\/#primaryimage\"},\"thumbnailUrl\":\"https:\/\/ccpe.org.ar\/web\/wp-content\/uploads\/2022\/11\/banco-rojo-CCPE-web.jpg\",\"datePublished\":\"2023-02-24T14:16:56+00:00\",\"dateModified\":\"2023-02-24T14:16:56+00:00\",\"author\":{\"@id\":\"https:\/\/ccpe.org.ar\/web\/#\/schema\/person\/7ae7bdca736f48ce0a856cc25a3cf690\"},\"description\":\"Ubicado en la franja de mayor movimiento cultural de la ciudad, en un entorno privilegiado, junto al r\u00edo pero a metros del casco hist\u00f3rico de Rosario, el Centro Cultural Parque de Espa\u00f1a es un referente de la cultura contempor\u00e1nea y un espacio abierto al di\u00e1logo con las nuevas expresiones art\u00edsticas y sus p\u00fablicos\",\"breadcrumb\":{\"@id\":\"https:\/\/ccpe.org.ar\/web\/banco-rojo-en-el-patio-de-los-cipreses\/#breadcrumb\"},\"inLanguage\":\"es\",\"potentialAction\":[{\"@type\":\"ReadAction\",\"target\":[\"https:\/\/ccpe.org.ar\/web\/banco-rojo-en-el-patio-de-los-cipreses\/\"]}]},{\"@type\":\"ImageObject\",\"inLanguage\":\"es\",\"@id\":\"https:\/\/ccpe.org.ar\/web\/banco-rojo-en-el-patio-de-los-cipreses\/#primaryimage\",\"url\":\"https:\/\/ccpe.org.ar\/web\/wp-content\/uploads\/2022\/11\/banco-rojo-CCPE-web.jpg\",\"contentUrl\":\"https:\/\/ccpe.org.ar\/web\/wp-content\/uploads\/2022\/11\/banco-rojo-CCPE-web.jpg\",\"width\":2000,\"height\":972},{\"@type\":\"BreadcrumbList\",\"@id\":\"https:\/\/ccpe.org.ar\/web\/banco-rojo-en-el-patio-de-los-cipreses\/#breadcrumb\",\"itemListElement\":[{\"@type\":\"ListItem\",\"position\":1,\"name\":\"Portada\",\"item\":\"https:\/\/ccpe.org.ar\/web\/\"},{\"@type\":\"ListItem\",\"position\":2,\"name\":\"Banco rojo en el Patio de los Cipreses\"}]},{\"@type\":\"WebSite\",\"@id\":\"https:\/\/ccpe.org.ar\/web\/#website\",\"url\":\"https:\/\/ccpe.org.ar\/web\/\",\"name\":\"Centro Cultural Parque de Espa\u00f1a\/AECID\",\"description\":\"Sitio web del Centro Cultural Parque de Espa\u00f1a\/AECID\",\"potentialAction\":[{\"@type\":\"SearchAction\",\"target\":{\"@type\":\"EntryPoint\",\"urlTemplate\":\"https:\/\/ccpe.org.ar\/web\/?s={search_term_string}\"},\"query-input\":{\"@type\":\"PropertyValueSpecification\",\"valueRequired\":true,\"valueName\":\"search_term_string\"}}],\"inLanguage\":\"es\"},{\"@type\":\"Person\",\"@id\":\"https:\/\/ccpe.org.ar\/web\/#\/schema\/person\/7ae7bdca736f48ce0a856cc25a3cf690\",\"name\":\"Sof\u00eda Sarbach\",\"image\":{\"@type\":\"ImageObject\",\"inLanguage\":\"es\",\"@id\":\"https:\/\/ccpe.org.ar\/web\/#\/schema\/person\/image\/\",\"url\":\"https:\/\/secure.gravatar.com\/avatar\/46a5202fcf6fcee01f8b35320d3e1d80?s=96&d=mm&r=g\",\"contentUrl\":\"https:\/\/secure.gravatar.com\/avatar\/46a5202fcf6fcee01f8b35320d3e1d80?s=96&d=mm&r=g\",\"caption\":\"Sof\u00eda Sarbach\"}}]}<\/script>\n<!-- \/ Yoast SEO plugin. -->","yoast_head_json":{"title":"Banco rojo en el Patio de los Cipreses - Centro Cultural Parque de Espa\u00f1a\/AECID","description":"Ubicado en la franja de mayor movimiento cultural de la ciudad, en un entorno privilegiado, junto al r\u00edo pero a metros del casco hist\u00f3rico de Rosario, el Centro Cultural Parque de Espa\u00f1a es un referente de la cultura contempor\u00e1nea y un espacio abierto al di\u00e1logo con las nuevas expresiones art\u00edsticas y sus p\u00fablicos","robots":{"index":"index","follow":"follow","max-snippet":"max-snippet:-1","max-image-preview":"max-image-preview:large","max-video-preview":"max-video-preview:-1"},"canonical":"https:\/\/ccpe.org.ar\/web\/banco-rojo-en-el-patio-de-los-cipreses\/","og_locale":"es_ES","og_type":"article","og_title":"Banco rojo en el Patio de los Cipreses - Centro Cultural Parque de Espa\u00f1a\/AECID","og_description":"Ubicado en la franja de mayor movimiento cultural de la ciudad, en un entorno privilegiado, junto al r\u00edo pero a metros del casco hist\u00f3rico de Rosario, el Centro Cultural Parque de Espa\u00f1a es un referente de la cultura contempor\u00e1nea y un espacio abierto al di\u00e1logo con las nuevas expresiones art\u00edsticas y sus p\u00fablicos","og_url":"https:\/\/ccpe.org.ar\/web\/banco-rojo-en-el-patio-de-los-cipreses\/","og_site_name":"Centro Cultural Parque de Espa\u00f1a\/AECID","article_publisher":"https:\/\/www.facebook.com\/CCPErosario\/","article_published_time":"2023-02-24T14:16:56+00:00","og_image":[{"width":2000,"height":972,"url":"https:\/\/ccpe.org.ar\/web\/wp-content\/uploads\/2022\/11\/banco-rojo-CCPE-web.jpg","type":"image\/jpeg"}],"author":"Sof\u00eda Sarbach","twitter_card":"summary_large_image","twitter_creator":"@ccpe","twitter_site":"@ccpe","twitter_misc":{"Escrito por":"Sof\u00eda Sarbach","Tiempo de lectura":"1 minuto"},"schema":{"@context":"https:\/\/schema.org","@graph":[{"@type":"WebPage","@id":"https:\/\/ccpe.org.ar\/web\/banco-rojo-en-el-patio-de-los-cipreses\/","url":"https:\/\/ccpe.org.ar\/web\/banco-rojo-en-el-patio-de-los-cipreses\/","name":"Banco rojo en el Patio de los Cipreses - Centro Cultural Parque de Espa\u00f1a\/AECID","isPartOf":{"@id":"https:\/\/ccpe.org.ar\/web\/#website"},"primaryImageOfPage":{"@id":"https:\/\/ccpe.org.ar\/web\/banco-rojo-en-el-patio-de-los-cipreses\/#primaryimage"},"image":{"@id":"https:\/\/ccpe.org.ar\/web\/banco-rojo-en-el-patio-de-los-cipreses\/#primaryimage"},"thumbnailUrl":"https:\/\/ccpe.org.ar\/web\/wp-content\/uploads\/2022\/11\/banco-rojo-CCPE-web.jpg","datePublished":"2023-02-24T14:16:56+00:00","dateModified":"2023-02-24T14:16:56+00:00","author":{"@id":"https:\/\/ccpe.org.ar\/web\/#\/schema\/person\/7ae7bdca736f48ce0a856cc25a3cf690"},"description":"Ubicado en la franja de mayor movimiento cultural de la ciudad, en un entorno privilegiado, junto al r\u00edo pero a metros del casco hist\u00f3rico de Rosario, el Centro Cultural Parque de Espa\u00f1a es un referente de la cultura contempor\u00e1nea y un espacio abierto al di\u00e1logo con las nuevas expresiones art\u00edsticas y sus p\u00fablicos","breadcrumb":{"@id":"https:\/\/ccpe.org.ar\/web\/banco-rojo-en-el-patio-de-los-cipreses\/#breadcrumb"},"inLanguage":"es","potentialAction":[{"@type":"ReadAction","target":["https:\/\/ccpe.org.ar\/web\/banco-rojo-en-el-patio-de-los-cipreses\/"]}]},{"@type":"ImageObject","inLanguage":"es","@id":"https:\/\/ccpe.org.ar\/web\/banco-rojo-en-el-patio-de-los-cipreses\/#primaryimage","url":"https:\/\/ccpe.org.ar\/web\/wp-content\/uploads\/2022\/11\/banco-rojo-CCPE-web.jpg","contentUrl":"https:\/\/ccpe.org.ar\/web\/wp-content\/uploads\/2022\/11\/banco-rojo-CCPE-web.jpg","width":2000,"height":972},{"@type":"BreadcrumbList","@id":"https:\/\/ccpe.org.ar\/web\/banco-rojo-en-el-patio-de-los-cipreses\/#breadcrumb","itemListElement":[{"@type":"ListItem","position":1,"name":"Portada","item":"https:\/\/ccpe.org.ar\/web\/"},{"@type":"ListItem","position":2,"name":"Banco rojo en el Patio de los Cipreses"}]},{"@type":"WebSite","@id":"https:\/\/ccpe.org.ar\/web\/#website","url":"https:\/\/ccpe.org.ar\/web\/","name":"Centro Cultural Parque de Espa\u00f1a\/AECID","description":"Sitio web del Centro Cultural Parque de Espa\u00f1a\/AECID","potentialAction":[{"@type":"SearchAction","target":{"@type":"EntryPoint","urlTemplate":"https:\/\/ccpe.org.ar\/web\/?s={search_term_string}"},"query-input":{"@type":"PropertyValueSpecification","valueRequired":true,"valueName":"search_term_string"}}],"inLanguage":"es"},{"@type":"Person","@id":"https:\/\/ccpe.org.ar\/web\/#\/schema\/person\/7ae7bdca736f48ce0a856cc25a3cf690","name":"Sof\u00eda Sarbach","image":{"@type":"ImageObject","inLanguage":"es","@id":"https:\/\/ccpe.org.ar\/web\/#\/schema\/person\/image\/","url":"https:\/\/secure.gravatar.com\/avatar\/46a5202fcf6fcee01f8b35320d3e1d80?s=96&d=mm&r=g","contentUrl":"https:\/\/secure.gravatar.com\/avatar\/46a5202fcf6fcee01f8b35320d3e1d80?s=96&d=mm&r=g","caption":"Sof\u00eda Sarbach"}}]}},"_links":{"self":[{"href":"https:\/\/ccpe.org.ar\/web\/wp-json\/wp\/v2\/posts\/4262"}],"collection":[{"href":"https:\/\/ccpe.org.ar\/web\/wp-json\/wp\/v2\/posts"}],"about":[{"href":"https:\/\/ccpe.org.ar\/web\/wp-json\/wp\/v2\/types\/post"}],"author":[{"embeddable":true,"href":"https:\/\/ccpe.org.ar\/web\/wp-json\/wp\/v2\/users\/2"}],"replies":[{"embeddable":true,"href":"https:\/\/ccpe.org.ar\/web\/wp-json\/wp\/v2\/comments?post=4262"}],"version-history":[{"count":1,"href":"https:\/\/ccpe.org.ar\/web\/wp-json\/wp\/v2\/posts\/4262\/revisions"}],"predecessor-version":[{"id":4263,"href":"https:\/\/ccpe.org.ar\/web\/wp-json\/wp\/v2\/posts\/4262\/revisions\/4263"}],"wp:featuredmedia":[{"embeddable":true,"href":"https:\/\/ccpe.org.ar\/web\/wp-json\/wp\/v2\/media\/4158"}],"wp:attachment":[{"href":"https:\/\/ccpe.org.ar\/web\/wp-json\/wp\/v2\/media?parent=4262"}],"wp:term":[{"taxonomy":"category","embeddable":true,"href":"https:\/\/ccpe.org.ar\/web\/wp-json\/wp\/v2\/categories?post=4262"},{"taxonomy":"post_tag","embeddable":true,"href":"https:\/\/ccpe.org.ar\/web\/wp-json\/wp\/v2\/tags?post=4262"}],"curies":[{"name":"wp","href":"https:\/\/api.w.org\/{rel}","templated":true}]}}